{"id":787,"date":"2020-12-15T19:39:12","date_gmt":"2020-12-15T19:39:12","guid":{"rendered":"https:\/\/stotomassegovia.es\/?p=787"},"modified":"2020-12-15T20:02:52","modified_gmt":"2020-12-15T20:02:52","slug":"oracion-de-los-martes-2","status":"publish","type":"post","link":"https:\/\/stotomassegovia.es\/?p=787","title":{"rendered":"Oraci\u00f3n de los martes"},"content":{"rendered":"\n<p>En la oraci\u00f3n de esta semana hemos escuchado la comunicaci\u00f3n de la Conferencia Episcopal contra la eutanasia, recordando que la pandemia ha puesto de manifiesto la fragilidad humana.<\/p>\n\n\n\n<p>Ha servido de preparaci\u00f3n para la jornada de este mi\u00e9rcoles, en el que se celebra una jornada de oraci\u00f3n por la vida a la 18. 30h en la Catedral.<\/p>\n\n\n\n<figure class=\"wp-block-image size-large\"><img loading=\"lazy\" decoding=\"async\" width=\"854\" height=\"1024\" src=\"https:\/\/stotomassegovia.es\/wp-content\/uploads\/2020\/12\/IMG_20201215_210153-854x1024.jpg\" alt=\"\" class=\"wp-image-790\" srcset=\"https:\/\/stotomassegovia.es\/wp-content\/uploads\/2020\/12\/IMG_20201215_210153-854x1024.jpg 854w, https:\/\/stotomassegovia.es\/wp-content\/uploads\/2020\/12\/IMG_20201215_210153-250x300.jpg 250w, https:\/\/stotomassegovia.es\/wp-content\/uploads\/2020\/12\/IMG_20201215_210153-768x921.jpg 768w, https:\/\/stotomassegovia.es\/wp-content\/uploads\/2020\/12\/IMG_20201215_210153-1280x1536.jpg 1280w, https:\/\/stotomassegovia.es\/wp-content\/uploads\/2020\/12\/IMG_20201215_210153.jpg 1407w\" sizes=\"auto, (max-width: 706px) 89vw, (max-width: 767px) 82vw, 740px\" \/><\/figure>\n","protected":false},"excerpt":{"rendered":"<p>En la oraci\u00f3n de esta semana hemos escuchado la comunicaci\u00f3n de la Conferencia Episcopal contra la eutanasia, recordando que la pandemia ha puesto de manifiesto la fragilidad humana. Ha servido de preparaci\u00f3n para la jornada de este mi\u00e9rcoles, en el que se celebra una jornada de oraci\u00f3n por la vida a la 18. 30h en &hellip; <\/p>\n<p class=\"link-more\"><a href=\"https:\/\/stotomassegovia.es\/?p=787\" class=\"more-link\">Continuar leyendo<span class=\"screen-reader-text\"> \u00abOraci\u00f3n de los martes\u00bb<\/span><\/a><\/p>\n","protected":false},"author":3,"featured_media":0,"comment_status":"open","ping_status":"open","sticky":false,"template":"","format":"standard","meta":{"footnotes":""},"categories":[4],"tags":[],"class_list":["post-787","post","type-post","status-publish","format-standard","hentry","category-noticias"],"_links":{"self":[{"href":"https:\/\/stotomassegovia.es\/index.php?rest_route=\/wp\/v2\/posts\/787","targetHints":{"allow":["GET"]}}],"collection":[{"href":"https:\/\/stotomassegovia.es\/index.php?rest_route=\/wp\/v2\/posts"}],"about":[{"href":"https:\/\/stotomassegovia.es\/index.php?rest_route=\/wp\/v2\/types\/post"}],"author":[{"embeddable":true,"href":"https:\/\/stotomassegovia.es\/index.php?rest_route=\/wp\/v2\/users\/3"}],"replies":[{"embeddable":true,"href":"https:\/\/stotomassegovia.es\/index.php?rest_route=%2Fwp%2Fv2%2Fcomments&post=787"}],"version-history":[{"count":2,"href":"https:\/\/stotomassegovia.es\/index.php?rest_route=\/wp\/v2\/posts\/787\/revisions"}],"predecessor-version":[{"id":791,"href":"https:\/\/stotomassegovia.es\/index.php?rest_route=\/wp\/v2\/posts\/787\/revisions\/791"}],"wp:attachment":[{"href":"https:\/\/stotomassegovia.es\/index.php?rest_route=%2Fwp%2Fv2%2Fmedia&parent=787"}],"wp:term":[{"taxonomy":"category","embeddable":true,"href":"https:\/\/stotomassegovia.es\/index.php?rest_route=%2Fwp%2Fv2%2Fcategories&post=787"},{"taxonomy":"post_tag","embeddable":true,"href":"https:\/\/stotomassegovia.es\/index.php?rest_route=%2Fwp%2Fv2%2Ftags&post=787"}],"curies":[{"name":"wp","href":"https:\/\/api.w.org\/{rel}","templated":true}]}}