{"id":721,"date":"2020-12-08T11:56:38","date_gmt":"2020-12-08T11:56:38","guid":{"rendered":"https:\/\/stotomassegovia.es\/?p=721"},"modified":"2020-12-08T11:56:38","modified_gmt":"2020-12-08T11:56:38","slug":"dia-del-seminario","status":"publish","type":"post","link":"https:\/\/stotomassegovia.es\/?p=721","title":{"rendered":"D\u00eda del Seminario"},"content":{"rendered":"\n<p>Debido a la situaci\u00f3n de confinamiento vivida hace unos meses , el 19 de marzo no se pudo celebrar el D\u00eda del Seminario y se ha traslado a este 8 de diciembre, d\u00eda de la Inmaculada.<br>En la misa de las familias nos ha acompa\u00f1ado el seminarista segoviano Alberto Llanos, de 24 a\u00f1os, que estudia 3\u00b0 de Teolog\u00eda en el Seminario Mayor de Salamanca.<\/p>\n\n\n\n<figure class=\"wp-block-image size-large\"><img loading=\"lazy\" decoding=\"async\" width=\"1024\" height=\"768\" src=\"https:\/\/stotomassegovia.es\/wp-content\/uploads\/2020\/12\/IMG_20201208_121507-1024x768.jpg\" alt=\"\" class=\"wp-image-722\" srcset=\"https:\/\/stotomassegovia.es\/wp-content\/uploads\/2020\/12\/IMG_20201208_121507-1024x768.jpg 1024w, https:\/\/stotomassegovia.es\/wp-content\/uploads\/2020\/12\/IMG_20201208_121507-300x225.jpg 300w, https:\/\/stotomassegovia.es\/wp-content\/uploads\/2020\/12\/IMG_20201208_121507-768x576.jpg 768w, https:\/\/stotomassegovia.es\/wp-content\/uploads\/2020\/12\/IMG_20201208_121507-1536x1152.jpg 1536w, https:\/\/stotomassegovia.es\/wp-content\/uploads\/2020\/12\/IMG_20201208_121507-2048x1536.jpg 2048w\" sizes=\"auto, (max-width: 706px) 89vw, (max-width: 767px) 82vw, 740px\" \/><\/figure>\n","protected":false},"excerpt":{"rendered":"<p>Debido a la situaci\u00f3n de confinamiento vivida hace unos meses , el 19 de marzo no se pudo celebrar el D\u00eda del Seminario y se ha traslado a este 8 de diciembre, d\u00eda de la Inmaculada.En la misa de las familias nos ha acompa\u00f1ado el seminarista segoviano Alberto Llanos, de 24 a\u00f1os, que estudia 3\u00b0 &hellip; <\/p>\n<p class=\"link-more\"><a href=\"https:\/\/stotomassegovia.es\/?p=721\" class=\"more-link\">Continuar leyendo<span class=\"screen-reader-text\"> \u00abD\u00eda del Seminario\u00bb<\/span><\/a><\/p>\n","protected":false},"author":3,"featured_media":0,"comment_status":"open","ping_status":"open","sticky":false,"template":"","format":"standard","meta":{"footnotes":""},"categories":[4],"tags":[],"class_list":["post-721","post","type-post","status-publish","format-standard","hentry","category-noticias"],"_links":{"self":[{"href":"https:\/\/stotomassegovia.es\/index.php?rest_route=\/wp\/v2\/posts\/721","targetHints":{"allow":["GET"]}}],"collection":[{"href":"https:\/\/stotomassegovia.es\/index.php?rest_route=\/wp\/v2\/posts"}],"about":[{"href":"https:\/\/stotomassegovia.es\/index.php?rest_route=\/wp\/v2\/types\/post"}],"author":[{"embeddable":true,"href":"https:\/\/stotomassegovia.es\/index.php?rest_route=\/wp\/v2\/users\/3"}],"replies":[{"embeddable":true,"href":"https:\/\/stotomassegovia.es\/index.php?rest_route=%2Fwp%2Fv2%2Fcomments&post=721"}],"version-history":[{"count":1,"href":"https:\/\/stotomassegovia.es\/index.php?rest_route=\/wp\/v2\/posts\/721\/revisions"}],"predecessor-version":[{"id":723,"href":"https:\/\/stotomassegovia.es\/index.php?rest_route=\/wp\/v2\/posts\/721\/revisions\/723"}],"wp:attachment":[{"href":"https:\/\/stotomassegovia.es\/index.php?rest_route=%2Fwp%2Fv2%2Fmedia&parent=721"}],"wp:term":[{"taxonomy":"category","embeddable":true,"href":"https:\/\/stotomassegovia.es\/index.php?rest_route=%2Fwp%2Fv2%2Fcategories&post=721"},{"taxonomy":"post_tag","embeddable":true,"href":"https:\/\/stotomassegovia.es\/index.php?rest_route=%2Fwp%2Fv2%2Ftags&post=721"}],"curies":[{"name":"wp","href":"https:\/\/api.w.org\/{rel}","templated":true}]}}