{"id":3693,"date":"2023-09-15T10:30:21","date_gmt":"2023-09-15T10:30:21","guid":{"rendered":"https:\/\/stotomassegovia.es\/?p=3693"},"modified":"2023-09-15T10:32:40","modified_gmt":"2023-09-15T10:32:40","slug":"celebracion-de-la-novena-en-la-parroquia","status":"publish","type":"post","link":"https:\/\/stotomassegovia.es\/?p=3693","title":{"rendered":"Celebraci\u00f3n de la Novena en la parroquia"},"content":{"rendered":"\n<p>Como cada a\u00f1o, desde este viernes hasta el sabado 23 de septiembre, la parroquia tambi\u00e9n celebra la novena a la Virgen de la Fuencisla. A las 19h. Rosario, seguido de la novena y la Eucarist\u00eda a las 19.30h<\/p>\n\n\n\n<figure class=\"wp-block-image size-large\"><img loading=\"lazy\" decoding=\"async\" width=\"768\" height=\"1024\" src=\"https:\/\/stotomassegovia.es\/wp-content\/uploads\/2023\/09\/20230915_121308-2-768x1024.jpg\" alt=\"\" class=\"wp-image-3698\" srcset=\"https:\/\/stotomassegovia.es\/wp-content\/uploads\/2023\/09\/20230915_121308-2-768x1024.jpg 768w, https:\/\/stotomassegovia.es\/wp-content\/uploads\/2023\/09\/20230915_121308-2-225x300.jpg 225w, https:\/\/stotomassegovia.es\/wp-content\/uploads\/2023\/09\/20230915_121308-2-1152x1536.jpg 1152w, https:\/\/stotomassegovia.es\/wp-content\/uploads\/2023\/09\/20230915_121308-2-1536x2048.jpg 1536w, https:\/\/stotomassegovia.es\/wp-content\/uploads\/2023\/09\/20230915_121308-2-scaled.jpg 1920w\" sizes=\"auto, (max-width: 706px) 89vw, (max-width: 767px) 82vw, 740px\" \/><\/figure>\n\n\n","protected":false},"excerpt":{"rendered":"<p>Como cada a\u00f1o, desde este viernes hasta el sabado 23 de septiembre, la parroquia tambi\u00e9n celebra la novena a la Virgen de la Fuencisla. A las 19h. Rosario, seguido de la novena y la Eucarist\u00eda a las 19.30h<\/p>\n","protected":false},"author":3,"featured_media":0,"comment_status":"open","ping_status":"open","sticky":false,"template":"","format":"standard","meta":{"footnotes":""},"categories":[1],"tags":[],"class_list":["post-3693","post","type-post","status-publish","format-standard","hentry","category-uncategorized"],"_links":{"self":[{"href":"https:\/\/stotomassegovia.es\/index.php?rest_route=\/wp\/v2\/posts\/3693","targetHints":{"allow":["GET"]}}],"collection":[{"href":"https:\/\/stotomassegovia.es\/index.php?rest_route=\/wp\/v2\/posts"}],"about":[{"href":"https:\/\/stotomassegovia.es\/index.php?rest_route=\/wp\/v2\/types\/post"}],"author":[{"embeddable":true,"href":"https:\/\/stotomassegovia.es\/index.php?rest_route=\/wp\/v2\/users\/3"}],"replies":[{"embeddable":true,"href":"https:\/\/stotomassegovia.es\/index.php?rest_route=%2Fwp%2Fv2%2Fcomments&post=3693"}],"version-history":[{"count":3,"href":"https:\/\/stotomassegovia.es\/index.php?rest_route=\/wp\/v2\/posts\/3693\/revisions"}],"predecessor-version":[{"id":3699,"href":"https:\/\/stotomassegovia.es\/index.php?rest_route=\/wp\/v2\/posts\/3693\/revisions\/3699"}],"wp:attachment":[{"href":"https:\/\/stotomassegovia.es\/index.php?rest_route=%2Fwp%2Fv2%2Fmedia&parent=3693"}],"wp:term":[{"taxonomy":"category","embeddable":true,"href":"https:\/\/stotomassegovia.es\/index.php?rest_route=%2Fwp%2Fv2%2Fcategories&post=3693"},{"taxonomy":"post_tag","embeddable":true,"href":"https:\/\/stotomassegovia.es\/index.php?rest_route=%2Fwp%2Fv2%2Ftags&post=3693"}],"curies":[{"name":"wp","href":"https:\/\/api.w.org\/{rel}","templated":true}]}}