{"id":3689,"date":"2023-09-15T08:02:04","date_gmt":"2023-09-15T08:02:04","guid":{"rendered":"https:\/\/stotomassegovia.es\/?p=3689"},"modified":"2023-09-15T08:02:04","modified_gmt":"2023-09-15T08:02:04","slug":"novena-de-la-virgen-de-la-fuencisla","status":"publish","type":"post","link":"https:\/\/stotomassegovia.es\/?p=3689","title":{"rendered":"NOVENA DE LA VIRGEN DE LA FUENCISLA"},"content":{"rendered":"\n<p>La Virgen de la Fuencisla llega a la Catedral de Segovia acompa\u00f1ada en el cortejo procesional por nuestro p\u00e1rroco D. Julio. El mi\u00e9rcoles 20 de septiembre ser\u00e1 el d\u00eda dedicado a la parroquia de Santo Tom\u00e1s en la novena de las 7h de la ma\u00f1ana y de las 19.30h de la tarde.<\/p>\n\n\n\n<figure class=\"wp-block-image size-large\"><img loading=\"lazy\" decoding=\"async\" width=\"1024\" height=\"768\" src=\"https:\/\/stotomassegovia.es\/wp-content\/uploads\/2023\/09\/20230914_204446-1024x768.jpg\" alt=\"\" class=\"wp-image-3690\" srcset=\"https:\/\/stotomassegovia.es\/wp-content\/uploads\/2023\/09\/20230914_204446-1024x768.jpg 1024w, https:\/\/stotomassegovia.es\/wp-content\/uploads\/2023\/09\/20230914_204446-300x225.jpg 300w, https:\/\/stotomassegovia.es\/wp-content\/uploads\/2023\/09\/20230914_204446-768x576.jpg 768w, https:\/\/stotomassegovia.es\/wp-content\/uploads\/2023\/09\/20230914_204446-1536x1152.jpg 1536w, https:\/\/stotomassegovia.es\/wp-content\/uploads\/2023\/09\/20230914_204446-2048x1536.jpg 2048w\" sizes=\"auto, (max-width: 706px) 89vw, (max-width: 767px) 82vw, 740px\" \/><\/figure>\n\n\n\n<p><\/p>\n","protected":false},"excerpt":{"rendered":"<p>La Virgen de la Fuencisla llega a la Catedral de Segovia acompa\u00f1ada en el cortejo procesional por nuestro p\u00e1rroco D. Julio. El mi\u00e9rcoles 20 de septiembre ser\u00e1 el d\u00eda dedicado a la parroquia de Santo Tom\u00e1s en la novena de las 7h de la ma\u00f1ana y de las 19.30h de la tarde.<\/p>\n","protected":false},"author":3,"featured_media":0,"comment_status":"open","ping_status":"open","sticky":false,"template":"","format":"standard","meta":{"footnotes":""},"categories":[1],"tags":[],"class_list":["post-3689","post","type-post","status-publish","format-standard","hentry","category-uncategorized"],"_links":{"self":[{"href":"https:\/\/stotomassegovia.es\/index.php?rest_route=\/wp\/v2\/posts\/3689","targetHints":{"allow":["GET"]}}],"collection":[{"href":"https:\/\/stotomassegovia.es\/index.php?rest_route=\/wp\/v2\/posts"}],"about":[{"href":"https:\/\/stotomassegovia.es\/index.php?rest_route=\/wp\/v2\/types\/post"}],"author":[{"embeddable":true,"href":"https:\/\/stotomassegovia.es\/index.php?rest_route=\/wp\/v2\/users\/3"}],"replies":[{"embeddable":true,"href":"https:\/\/stotomassegovia.es\/index.php?rest_route=%2Fwp%2Fv2%2Fcomments&post=3689"}],"version-history":[{"count":1,"href":"https:\/\/stotomassegovia.es\/index.php?rest_route=\/wp\/v2\/posts\/3689\/revisions"}],"predecessor-version":[{"id":3691,"href":"https:\/\/stotomassegovia.es\/index.php?rest_route=\/wp\/v2\/posts\/3689\/revisions\/3691"}],"wp:attachment":[{"href":"https:\/\/stotomassegovia.es\/index.php?rest_route=%2Fwp%2Fv2%2Fmedia&parent=3689"}],"wp:term":[{"taxonomy":"category","embeddable":true,"href":"https:\/\/stotomassegovia.es\/index.php?rest_route=%2Fwp%2Fv2%2Fcategories&post=3689"},{"taxonomy":"post_tag","embeddable":true,"href":"https:\/\/stotomassegovia.es\/index.php?rest_route=%2Fwp%2Fv2%2Ftags&post=3689"}],"curies":[{"name":"wp","href":"https:\/\/api.w.org\/{rel}","templated":true}]}}