{"id":354,"date":"2020-10-25T21:06:39","date_gmt":"2020-10-25T21:06:39","guid":{"rendered":"https:\/\/stotomassegovia.es\/?p=354"},"modified":"2020-10-25T21:06:39","modified_gmt":"2020-10-25T21:06:39","slug":"ordenacion-sacerdotal","status":"publish","type":"post","link":"https:\/\/stotomassegovia.es\/?p=354","title":{"rendered":"Ordenaci\u00f3n sacerdotal"},"content":{"rendered":"\n<p>El joven segoviano \u00c1lvaro Mar\u00edn ha sido ordenad di\u00e1cono en la Catedral de Segovia, en una celebraci\u00f3n presidida por nuestro obispo D. C\u00e9sar Franco. <\/p>\n\n\n\n<figure class=\"wp-block-image size-large\"><img loading=\"lazy\" decoding=\"async\" width=\"899\" height=\"899\" src=\"https:\/\/stotomassegovia.es\/wp-content\/uploads\/2020\/10\/IMG_20201025_211027_072.jpg\" alt=\"\" class=\"wp-image-355\" srcset=\"https:\/\/stotomassegovia.es\/wp-content\/uploads\/2020\/10\/IMG_20201025_211027_072.jpg 899w, https:\/\/stotomassegovia.es\/wp-content\/uploads\/2020\/10\/IMG_20201025_211027_072-300x300.jpg 300w, https:\/\/stotomassegovia.es\/wp-content\/uploads\/2020\/10\/IMG_20201025_211027_072-150x150.jpg 150w, https:\/\/stotomassegovia.es\/wp-content\/uploads\/2020\/10\/IMG_20201025_211027_072-768x768.jpg 768w, https:\/\/stotomassegovia.es\/wp-content\/uploads\/2020\/10\/IMG_20201025_211027_072-100x100.jpg 100w\" sizes=\"auto, (max-width: 706px) 89vw, (max-width: 767px) 82vw, 740px\" \/><\/figure>\n","protected":false},"excerpt":{"rendered":"<p>El joven segoviano \u00c1lvaro Mar\u00edn ha sido ordenad di\u00e1cono en la Catedral de Segovia, en una celebraci\u00f3n presidida por nuestro obispo D. C\u00e9sar Franco.<\/p>\n","protected":false},"author":3,"featured_media":0,"comment_status":"open","ping_status":"open","sticky":false,"template":"","format":"standard","meta":{"footnotes":""},"categories":[1],"tags":[],"class_list":["post-354","post","type-post","status-publish","format-standard","hentry","category-uncategorized"],"_links":{"self":[{"href":"https:\/\/stotomassegovia.es\/index.php?rest_route=\/wp\/v2\/posts\/354","targetHints":{"allow":["GET"]}}],"collection":[{"href":"https:\/\/stotomassegovia.es\/index.php?rest_route=\/wp\/v2\/posts"}],"about":[{"href":"https:\/\/stotomassegovia.es\/index.php?rest_route=\/wp\/v2\/types\/post"}],"author":[{"embeddable":true,"href":"https:\/\/stotomassegovia.es\/index.php?rest_route=\/wp\/v2\/users\/3"}],"replies":[{"embeddable":true,"href":"https:\/\/stotomassegovia.es\/index.php?rest_route=%2Fwp%2Fv2%2Fcomments&post=354"}],"version-history":[{"count":1,"href":"https:\/\/stotomassegovia.es\/index.php?rest_route=\/wp\/v2\/posts\/354\/revisions"}],"predecessor-version":[{"id":356,"href":"https:\/\/stotomassegovia.es\/index.php?rest_route=\/wp\/v2\/posts\/354\/revisions\/356"}],"wp:attachment":[{"href":"https:\/\/stotomassegovia.es\/index.php?rest_route=%2Fwp%2Fv2%2Fmedia&parent=354"}],"wp:term":[{"taxonomy":"category","embeddable":true,"href":"https:\/\/stotomassegovia.es\/index.php?rest_route=%2Fwp%2Fv2%2Fcategories&post=354"},{"taxonomy":"post_tag","embeddable":true,"href":"https:\/\/stotomassegovia.es\/index.php?rest_route=%2Fwp%2Fv2%2Ftags&post=354"}],"curies":[{"name":"wp","href":"https:\/\/api.w.org\/{rel}","templated":true}]}}