{"id":3076,"date":"2021-12-18T08:26:36","date_gmt":"2021-12-18T08:26:36","guid":{"rendered":"https:\/\/stotomassegovia.es\/?p=3076"},"modified":"2021-12-18T08:26:36","modified_gmt":"2021-12-18T08:26:36","slug":"celebracion-de-la-navidad-en-catequesis","status":"publish","type":"post","link":"https:\/\/stotomassegovia.es\/?p=3076","title":{"rendered":"Celebraci\u00f3n de la Navidad en catequesis"},"content":{"rendered":"\n<p>Los ni\u00f1os y ni\u00f1as de catequesis han celebrado la Navidad en la Iglesia parroquial,   al t\u00e9rmino del primer trimestre. Una representaci\u00f3n teatral recordandkas escenas del nacimiento de Jes\u00fas,  desde la Anunciaci\u00f3n, el encuentro con su prima Isabel, la b\u00fasqueda de posada en Bel\u00e9n, el nacimiento y la adoraci\u00f3n de los pastores y los magos.<\/p>\n\n\n\n<p> <\/p>\n\n\n\n<p>Los m\u00e1s peque\u00f1os interpretaron varios villancicos. A la iglesia acudieron padres y abuelos que terminaron cantando villancicos. <\/p>\n\n\n\n<figure class=\"wp-block-image size-large\"><img loading=\"lazy\" decoding=\"async\" width=\"1024\" height=\"768\" src=\"https:\/\/stotomassegovia.es\/wp-content\/uploads\/2021\/12\/20211217_172122-1024x768.jpg\" alt=\"\" class=\"wp-image-3077\" srcset=\"https:\/\/stotomassegovia.es\/wp-content\/uploads\/2021\/12\/20211217_172122-1024x768.jpg 1024w, https:\/\/stotomassegovia.es\/wp-content\/uploads\/2021\/12\/20211217_172122-300x225.jpg 300w, https:\/\/stotomassegovia.es\/wp-content\/uploads\/2021\/12\/20211217_172122-768x576.jpg 768w, https:\/\/stotomassegovia.es\/wp-content\/uploads\/2021\/12\/20211217_172122-1536x1152.jpg 1536w, https:\/\/stotomassegovia.es\/wp-content\/uploads\/2021\/12\/20211217_172122-2048x1536.jpg 2048w\" sizes=\"auto, (max-width: 706px) 89vw, (max-width: 767px) 82vw, 740px\" \/><\/figure>\n","protected":false},"excerpt":{"rendered":"<p>Los ni\u00f1os y ni\u00f1as de catequesis han celebrado la Navidad en la Iglesia parroquial, al t\u00e9rmino del primer trimestre. Una representaci\u00f3n teatral recordandkas escenas del nacimiento de Jes\u00fas, desde la Anunciaci\u00f3n, el encuentro con su prima Isabel, la b\u00fasqueda de posada en Bel\u00e9n, el nacimiento y la adoraci\u00f3n de los pastores y los magos. Los &hellip; <\/p>\n<p class=\"link-more\"><a href=\"https:\/\/stotomassegovia.es\/?p=3076\" class=\"more-link\">Continuar leyendo<span class=\"screen-reader-text\"> \u00abCelebraci\u00f3n de la Navidad en catequesis\u00bb<\/span><\/a><\/p>\n","protected":false},"author":3,"featured_media":0,"comment_status":"open","ping_status":"open","sticky":false,"template":"","format":"standard","meta":{"footnotes":""},"categories":[1],"tags":[],"class_list":["post-3076","post","type-post","status-publish","format-standard","hentry","category-uncategorized"],"_links":{"self":[{"href":"https:\/\/stotomassegovia.es\/index.php?rest_route=\/wp\/v2\/posts\/3076","targetHints":{"allow":["GET"]}}],"collection":[{"href":"https:\/\/stotomassegovia.es\/index.php?rest_route=\/wp\/v2\/posts"}],"about":[{"href":"https:\/\/stotomassegovia.es\/index.php?rest_route=\/wp\/v2\/types\/post"}],"author":[{"embeddable":true,"href":"https:\/\/stotomassegovia.es\/index.php?rest_route=\/wp\/v2\/users\/3"}],"replies":[{"embeddable":true,"href":"https:\/\/stotomassegovia.es\/index.php?rest_route=%2Fwp%2Fv2%2Fcomments&post=3076"}],"version-history":[{"count":1,"href":"https:\/\/stotomassegovia.es\/index.php?rest_route=\/wp\/v2\/posts\/3076\/revisions"}],"predecessor-version":[{"id":3078,"href":"https:\/\/stotomassegovia.es\/index.php?rest_route=\/wp\/v2\/posts\/3076\/revisions\/3078"}],"wp:attachment":[{"href":"https:\/\/stotomassegovia.es\/index.php?rest_route=%2Fwp%2Fv2%2Fmedia&parent=3076"}],"wp:term":[{"taxonomy":"category","embeddable":true,"href":"https:\/\/stotomassegovia.es\/index.php?rest_route=%2Fwp%2Fv2%2Fcategories&post=3076"},{"taxonomy":"post_tag","embeddable":true,"href":"https:\/\/stotomassegovia.es\/index.php?rest_route=%2Fwp%2Fv2%2Ftags&post=3076"}],"curies":[{"name":"wp","href":"https:\/\/api.w.org\/{rel}","templated":true}]}}