{"id":1170,"date":"2021-02-05T09:16:42","date_gmt":"2021-02-05T09:16:42","guid":{"rendered":"https:\/\/stotomassegovia.es\/?p=1170"},"modified":"2021-02-05T09:41:51","modified_gmt":"2021-02-05T09:41:51","slug":"santa-agueda","status":"publish","type":"post","link":"https:\/\/stotomassegovia.es\/?p=1170","title":{"rendered":"Santa \u00c1gueda"},"content":{"rendered":"\n<p>5 de febrero, Santa \u00c1gueda<\/p>\n\n\n\n<p>Este a\u00f1o las mujeres del barrio no podr\u00e1n celebrar la fiesta de Santa \u00c1gueda con la m\u00fasica y los trajes regionales, pero recordamos esta fecha significativa y lo que significa y representa esta santa.<\/p>\n\n\n\n<figure class=\"wp-block-image size-large\"><img loading=\"lazy\" decoding=\"async\" width=\"900\" height=\"500\" src=\"https:\/\/stotomassegovia.es\/wp-content\/uploads\/2021\/02\/Agueda_5Febrero.jpg\" alt=\"\" class=\"wp-image-1171\" srcset=\"https:\/\/stotomassegovia.es\/wp-content\/uploads\/2021\/02\/Agueda_5Febrero.jpg 900w, https:\/\/stotomassegovia.es\/wp-content\/uploads\/2021\/02\/Agueda_5Febrero-300x167.jpg 300w, https:\/\/stotomassegovia.es\/wp-content\/uploads\/2021\/02\/Agueda_5Febrero-768x427.jpg 768w\" sizes=\"auto, (max-width: 706px) 89vw, (max-width: 767px) 82vw, 740px\" \/><\/figure>\n\n\n\n<figure class=\"wp-block-image size-large\"><img loading=\"lazy\" decoding=\"async\" width=\"768\" height=\"1024\" src=\"https:\/\/stotomassegovia.es\/wp-content\/uploads\/2021\/02\/IMG-20210205-WA0004-768x1024.jpg\" alt=\"\" class=\"wp-image-1174\" srcset=\"https:\/\/stotomassegovia.es\/wp-content\/uploads\/2021\/02\/IMG-20210205-WA0004-768x1024.jpg 768w, https:\/\/stotomassegovia.es\/wp-content\/uploads\/2021\/02\/IMG-20210205-WA0004-225x300.jpg 225w, https:\/\/stotomassegovia.es\/wp-content\/uploads\/2021\/02\/IMG-20210205-WA0004-1152x1536.jpg 1152w, https:\/\/stotomassegovia.es\/wp-content\/uploads\/2021\/02\/IMG-20210205-WA0004.jpg 1500w\" sizes=\"auto, (max-width: 706px) 89vw, (max-width: 767px) 82vw, 740px\" \/><\/figure>\n","protected":false},"excerpt":{"rendered":"<p>5 de febrero, Santa \u00c1gueda Este a\u00f1o las mujeres del barrio no podr\u00e1n celebrar la fiesta de Santa \u00c1gueda con la m\u00fasica y los trajes regionales, pero recordamos esta fecha significativa y lo que significa y representa esta santa.<\/p>\n","protected":false},"author":3,"featured_media":0,"comment_status":"open","ping_status":"open","sticky":false,"template":"","format":"standard","meta":{"footnotes":""},"categories":[4],"tags":[],"class_list":["post-1170","post","type-post","status-publish","format-standard","hentry","category-noticias"],"_links":{"self":[{"href":"https:\/\/stotomassegovia.es\/index.php?rest_route=\/wp\/v2\/posts\/1170","targetHints":{"allow":["GET"]}}],"collection":[{"href":"https:\/\/stotomassegovia.es\/index.php?rest_route=\/wp\/v2\/posts"}],"about":[{"href":"https:\/\/stotomassegovia.es\/index.php?rest_route=\/wp\/v2\/types\/post"}],"author":[{"embeddable":true,"href":"https:\/\/stotomassegovia.es\/index.php?rest_route=\/wp\/v2\/users\/3"}],"replies":[{"embeddable":true,"href":"https:\/\/stotomassegovia.es\/index.php?rest_route=%2Fwp%2Fv2%2Fcomments&post=1170"}],"version-history":[{"count":3,"href":"https:\/\/stotomassegovia.es\/index.php?rest_route=\/wp\/v2\/posts\/1170\/revisions"}],"predecessor-version":[{"id":1175,"href":"https:\/\/stotomassegovia.es\/index.php?rest_route=\/wp\/v2\/posts\/1170\/revisions\/1175"}],"wp:attachment":[{"href":"https:\/\/stotomassegovia.es\/index.php?rest_route=%2Fwp%2Fv2%2Fmedia&parent=1170"}],"wp:term":[{"taxonomy":"category","embeddable":true,"href":"https:\/\/stotomassegovia.es\/index.php?rest_route=%2Fwp%2Fv2%2Fcategories&post=1170"},{"taxonomy":"post_tag","embeddable":true,"href":"https:\/\/stotomassegovia.es\/index.php?rest_route=%2Fwp%2Fv2%2Ftags&post=1170"}],"curies":[{"name":"wp","href":"https:\/\/api.w.org\/{rel}","templated":true}]}}