{"id":1063,"date":"2021-01-21T17:32:09","date_gmt":"2021-01-21T17:32:09","guid":{"rendered":"https:\/\/stotomassegovia.es\/?p=1063"},"modified":"2021-01-21T17:32:09","modified_gmt":"2021-01-21T17:32:09","slug":"se-amplia-el-horario-de-las-misas-los-fines-de-semana","status":"publish","type":"post","link":"https:\/\/stotomassegovia.es\/?p=1063","title":{"rendered":"Se ampl\u00eda el horario de las misas los fines de semana"},"content":{"rendered":"\n<p>Los s\u00e1bados y domingos se celebrar\u00e1 una Eucarist\u00eda a las 18h. para facilitar la asistencia a los feligreses, teniendo en cuenta las medidas decretadas por la Junta de un aforo m\u00e1ximo de 25 personas.<\/p>\n\n\n\n<p>Esta celebraci\u00f3n se suma a las misas habituales, el s\u00e1bado a las 10.30, y a las 19. Los domingos se mantienen las matutinas a las 10.30, 12 y 13h, y por la tarde a las 18 y a las 19h.<\/p>\n\n\n\n<figure class=\"wp-block-image size-large\"><img loading=\"lazy\" decoding=\"async\" width=\"1024\" height=\"768\" src=\"https:\/\/stotomassegovia.es\/wp-content\/uploads\/2021\/01\/IMG-20210121-WA0019-1024x768.jpg\" alt=\"\" class=\"wp-image-1064\" srcset=\"https:\/\/stotomassegovia.es\/wp-content\/uploads\/2021\/01\/IMG-20210121-WA0019-1024x768.jpg 1024w, https:\/\/stotomassegovia.es\/wp-content\/uploads\/2021\/01\/IMG-20210121-WA0019-300x225.jpg 300w, https:\/\/stotomassegovia.es\/wp-content\/uploads\/2021\/01\/IMG-20210121-WA0019-768x576.jpg 768w, https:\/\/stotomassegovia.es\/wp-content\/uploads\/2021\/01\/IMG-20210121-WA0019-1536x1152.jpg 1536w, https:\/\/stotomassegovia.es\/wp-content\/uploads\/2021\/01\/IMG-20210121-WA0019.jpg 2000w\" sizes=\"auto, (max-width: 706px) 89vw, (max-width: 767px) 82vw, 740px\" \/><\/figure>\n","protected":false},"excerpt":{"rendered":"<p>Los s\u00e1bados y domingos se celebrar\u00e1 una Eucarist\u00eda a las 18h. para facilitar la asistencia a los feligreses, teniendo en cuenta las medidas decretadas por la Junta de un aforo m\u00e1ximo de 25 personas. Esta celebraci\u00f3n se suma a las misas habituales, el s\u00e1bado a las 10.30, y a las 19. Los domingos se mantienen &hellip; <\/p>\n<p class=\"link-more\"><a href=\"https:\/\/stotomassegovia.es\/?p=1063\" class=\"more-link\">Continuar leyendo<span class=\"screen-reader-text\"> \u00abSe ampl\u00eda el horario de las misas los fines de semana\u00bb<\/span><\/a><\/p>\n","protected":false},"author":3,"featured_media":0,"comment_status":"open","ping_status":"open","sticky":false,"template":"","format":"standard","meta":{"footnotes":""},"categories":[4],"tags":[],"class_list":["post-1063","post","type-post","status-publish","format-standard","hentry","category-noticias"],"_links":{"self":[{"href":"https:\/\/stotomassegovia.es\/index.php?rest_route=\/wp\/v2\/posts\/1063","targetHints":{"allow":["GET"]}}],"collection":[{"href":"https:\/\/stotomassegovia.es\/index.php?rest_route=\/wp\/v2\/posts"}],"about":[{"href":"https:\/\/stotomassegovia.es\/index.php?rest_route=\/wp\/v2\/types\/post"}],"author":[{"embeddable":true,"href":"https:\/\/stotomassegovia.es\/index.php?rest_route=\/wp\/v2\/users\/3"}],"replies":[{"embeddable":true,"href":"https:\/\/stotomassegovia.es\/index.php?rest_route=%2Fwp%2Fv2%2Fcomments&post=1063"}],"version-history":[{"count":1,"href":"https:\/\/stotomassegovia.es\/index.php?rest_route=\/wp\/v2\/posts\/1063\/revisions"}],"predecessor-version":[{"id":1065,"href":"https:\/\/stotomassegovia.es\/index.php?rest_route=\/wp\/v2\/posts\/1063\/revisions\/1065"}],"wp:attachment":[{"href":"https:\/\/stotomassegovia.es\/index.php?rest_route=%2Fwp%2Fv2%2Fmedia&parent=1063"}],"wp:term":[{"taxonomy":"category","embeddable":true,"href":"https:\/\/stotomassegovia.es\/index.php?rest_route=%2Fwp%2Fv2%2Fcategories&post=1063"},{"taxonomy":"post_tag","embeddable":true,"href":"https:\/\/stotomassegovia.es\/index.php?rest_route=%2Fwp%2Fv2%2Ftags&post=1063"}],"curies":[{"name":"wp","href":"https:\/\/api.w.org\/{rel}","templated":true}]}}